{"id":2200,"date":"2009-09-09T14:40:00","date_gmt":"2009-09-09T18:40:00","guid":{"rendered":"http:\/\/www.asc.wdtest.info\/en\/2009\/09\/09\/lecole-waldorf-des-laurentides-2\/"},"modified":"2009-09-09T14:40:00","modified_gmt":"2009-09-09T18:40:00","slug":"lecole-waldorf-des-laurentides-2","status":"publish","type":"post","link":"https:\/\/anthroposophy.ca\/en\/lecole-waldorf-des-laurentides-2\/","title":{"rendered":"L\u2019\u00c9cole Waldorf des Laurentides"},"content":{"rendered":"<p>It is with joy that we announce that L\u2019\u00c9cole Waldorf des Laurentides has opened its doors this past September 2009 with 25 children: one nursery\/kindergarten combined class with teachers Sara Valli\u00e8res and \u00c9ric Schneeberger and one class of grade 1, 2 and 3 with No\u00e9mi Glen and Annie Trudeau as class teachers. The new independent waldorf school is located in Val David, Laurentian mountain area, one hour north of Montr\u00e9al island.<br \/>L\u2019\u00c9cole Rudolf Steiner de Montr\u00e9al is very pleased to witness the development of this initiative and is all heartfelt supporting it.<br \/>In this pioneering phase, we welcome any donations to secure our cost operating, teacher training, family assistance, etc<\/p>\n<p>With kind greetings and warm gratitude,<br \/>Jocelyne Arseneau for the college of teachers<\/p>\n<p>Donations made to: Kerglas Centre (Foundation for special need adults)<br \/>Send to:<br \/>Jocelyne Arseneau<br \/>7, chemin Kerr<br \/>Canton de Gore, QC, Canada<br \/>J0V 1K0<br \/>450-562-4378<br \/>jocelyne.arseneau@hotmail.com<\/p>\n","protected":false},"excerpt":{"rendered":"<p>It is with joy that we announce that L\u2019\u00c9cole Waldorf des Laurentides has opened its doors this past September 2009 with 25 children: one nursery\/kindergarten combined class with teachers Sara Valli\u00e8res and \u00c9ric Schneeberger and one class of grade 1, 2 and 3 with No\u00e9mi&#8230;<\/p>\n","protected":false},"author":6,"featured_media":0,"comment_status":"open","ping_status":"open","sticky":false,"template":"","format":"standard","meta":{"inline_featured_image":false,"footnotes":""},"categories":[11],"tags":[],"class_list":["post-2200","post","type-post","status-publish","format-standard","hentry","category-members-news"],"_links":{"self":[{"href":"https:\/\/anthroposophy.ca\/en\/wp-json\/wp\/v2\/posts\/2200","targetHints":{"allow":["GET"]}}],"collection":[{"href":"https:\/\/anthroposophy.ca\/en\/wp-json\/wp\/v2\/posts"}],"about":[{"href":"https:\/\/anthroposophy.ca\/en\/wp-json\/wp\/v2\/types\/post"}],"author":[{"embeddable":true,"href":"https:\/\/anthroposophy.ca\/en\/wp-json\/wp\/v2\/users\/6"}],"replies":[{"embeddable":true,"href":"https:\/\/anthroposophy.ca\/en\/wp-json\/wp\/v2\/comments?post=2200"}],"version-history":[{"count":0,"href":"https:\/\/anthroposophy.ca\/en\/wp-json\/wp\/v2\/posts\/2200\/revisions"}],"wp:attachment":[{"href":"https:\/\/anthroposophy.ca\/en\/wp-json\/wp\/v2\/media?parent=2200"}],"wp:term":[{"taxonomy":"category","embeddable":true,"href":"https:\/\/anthroposophy.ca\/en\/wp-json\/wp\/v2\/categories?post=2200"},{"taxonomy":"post_tag","embeddable":true,"href":"https:\/\/anthroposophy.ca\/en\/wp-json\/wp\/v2\/tags?post=2200"}],"curies":[{"name":"wp","href":"https:\/\/api.w.org\/{rel}","templated":true}]}}