{"id":2367,"date":"2015-03-19T12:06:00","date_gmt":"2015-03-19T16:06:00","guid":{"rendered":"http:\/\/www.asc.wdtest.info\/fr\/nouvelles-publique\/2015\/03\/19\/changement-dadministration-2\/"},"modified":"2015-03-19T12:06:00","modified_gmt":"2015-03-19T16:06:00","slug":"changement-dadministration-2","status":"publish","type":"post","link":"https:\/\/anthroposophy.ca\/fr\/changement-dadministration-2\/","title":{"rendered":"Changement d&rsquo;Administration"},"content":{"rendered":"<div><span lang=\"FR-CA\">&#8211; Judy King<\/span><\/div>\n<div><u><span lang=\"FR-CA\"><br \/><\/span><\/u><\/div>\n<div><u><span lang=\"FR-CA\"><b>IMPORTANT \u2013 VEUILLEZ PRENDRE NOTE!<\/b><\/span><\/u><\/div>\n<div><\/div>\n<div><span lang=\"FR-CA\">Chers amis, <o:p><\/o:p><\/span><\/div>\n<div><\/div>\n<div><span lang=\"FR-CA\">Mark McAlister termine ce mois-ci son mandat d\u2019administrateur de la Soci\u00e9t\u00e9 anthroposophique au Canada. Pendant les sept derni\u00e8res ann\u00e9es, il a assur\u00e9 la liaison avec les membres et a \u00e9t\u00e9 responsable de la gestion des communications; or, il remettra ces t\u00e2ches entre de nouvelles mains d\u00e8s la fin mars 2015. Les membres du conseil tiennent \u00e0 lui t\u00e9moigner toute leur reconnaissance et \u00e0 exprimer tout le respect qu\u2019ils \u00e9prouvent pour le d\u00e9vouement \u00e9nergique que Mark a consacr\u00e9 \u00e0 ce travail. <o:p><\/o:p><\/span><\/div>\n<div><\/div>\n<div><span lang=\"FR-CA\">En 2008 le conseil a reconnu qu\u2019il devenait essentiel d\u2019engager quelqu\u2019un pour g\u00e9rer le nombre grandissant de t\u00e2ches reli\u00e9es au volet administratif de la Soci\u00e9t\u00e9. On a propos\u00e9 ce poste \u00e0 Mark, et il a relev\u00e9 le d\u00e9fi. \u00c9tant donn\u00e9 que le poste en question \u00e9tait quelque chose de nouveau au sein de notre Soci\u00e9t\u00e9, le conseil n\u2019avait pas encore une id\u00e9e claire de l\u2019envergure de la t\u00e2che. Les \u00e9l\u00e9ments essentiels du travail \u00e9taient pourtant \u00e9vidents&nbsp;: tenir \u00e0 jour le registre des membres et se charger de la communication avec les membres en assumant \u00e9galement la t\u00e2che de produire le bulletin des membres (Glimpses\/Aper\u00e7us). &nbsp;Il est vite devenu apparent qu\u2019il y avait des zones grises que l\u2019administrateur et le conseil allaient devoir \u00e9claircir ensemble. Cet aspect du travail s\u2019est av\u00e9r\u00e9 souvent ardu, et nous sommes profond\u00e9ment reconnaissants \u00e0 Mark d\u2019avoir fait preuve de pers\u00e9v\u00e9rance et d\u2019avoir eu le courage de s\u2019aventurer dans ce qui devait souvent avoir l\u2019air d\u2019une for\u00eat imp\u00e9n\u00e9trable! Un des aspects qui s\u2019est grandement d\u00e9velopp\u00e9 pendant ces ann\u00e9es, c\u2019est l\u2019exp\u00e9rience d\u2019un v\u00e9ritable travail en commun, et nous remercions tr\u00e8s chaleureusement Mark de nous avoir aid\u00e9s \u00e0 faire avancer ce processus. <o:p><\/o:p><\/span><\/div>\n<div><\/div>\n<div><span lang=\"FR-CA\">Il a rendu un \u00e9norme service \u00e0 la Soci\u00e9t\u00e9 et au conseil. Parmi les multiples aspects des responsabilit\u00e9s que Mark a assum\u00e9es, on peut souligner&nbsp;: assurer la liaison avec les membres avec un esprit de bonne volont\u00e9 et avec bonne humeur; susciter l\u2019enthousiasme chez les membres (anciens et nouveaux); s\u2019acquitter des t\u00e2ches administratives avec assiduit\u00e9 et chaleur; mettre sur pied et produire les bulletins \u00e9lectroniques; \u00eatre attentif aux nouvelles exigences gouvernementales et assurer la conformit\u00e9 de nos r\u00e8glements avec les nouvelles dispositions l\u00e9gales r\u00e9gissant les organismes de bienfaisance; \u00eatre anim\u00e9 d\u2019une vision contemporaine de la nature de la Soci\u00e9t\u00e9 et s\u2019exprimer vigoureusement pour indiquer les choses qui avaient besoin d\u2019\u00eatre chang\u00e9es; servir et soutenir avec d\u00e9vouement la Soci\u00e9t\u00e9 et le conseil.<o:p><\/o:p><\/span><\/div>\n<div><\/div>\n<div><span lang=\"FR-CA\">Nous envoyons nos v\u0153ux les plus sinc\u00e8res \u00e0 Mark pour la r\u00e9alisation de ses nouveaux projets!<o:p><\/o:p><\/span><\/div>\n<div><\/div>\n<div><span lang=\"FR-CA\">Pendant les deux derni\u00e8res semaines de mars 2015, il y aura une p\u00e9riode de transition pendant laquelle le poste d\u2019Administrateur responsable des Membres et des Communications passera de Mark \u00e0 son successeur&nbsp;: Jef Saunders. Nous vous invitons \u00e0 exprimer \u00e0 Mark un grand MERCI, et \u00e0 Jef nous souhaitons chaleureusement la BIENVENUE!<o:p><\/o:p><\/span><\/div>\n<div><\/div>\n<div><\/div>\n<div><span lang=\"FR-CA\">Les membres du Conseil de la Soci\u00e9t\u00e9 anthroposophique au Canada&nbsp;:<o:p><\/o:p><\/span><\/div>\n<div><\/div>\n<div><span lang=\"FR-CA\">Arie van Ameringen (Secr\u00e9taire g\u00e9n\u00e9ral), John Bach, Jean Balekian, Judith King, Dorothy LeBaron, Douglas Wylie. <o:p><\/o:p><\/span><\/div>\n<div><\/div>\n<p><\/p>\n<div><\/div>\n","protected":false},"excerpt":{"rendered":"<p>&#8211; Judy King IMPORTANT \u2013 VEUILLEZ PRENDRE NOTE! Chers amis, Mark McAlister termine ce mois-ci son mandat d\u2019administrateur de la Soci\u00e9t\u00e9 anthroposophique au Canada. Pendant les sept derni\u00e8res ann\u00e9es, il a assur\u00e9 la liaison avec les membres et a \u00e9t\u00e9 responsable de la gestion des&#8230;<\/p>\n","protected":false},"author":6,"featured_media":0,"comment_status":"open","ping_status":"open","sticky":false,"template":"","format":"standard","meta":{"inline_featured_image":false,"footnotes":""},"categories":[3],"tags":[],"class_list":["post-2367","post","type-post","status-publish","format-standard","hentry","category-nouvelles-publique"],"_links":{"self":[{"href":"https:\/\/anthroposophy.ca\/fr\/wp-json\/wp\/v2\/posts\/2367","targetHints":{"allow":["GET"]}}],"collection":[{"href":"https:\/\/anthroposophy.ca\/fr\/wp-json\/wp\/v2\/posts"}],"about":[{"href":"https:\/\/anthroposophy.ca\/fr\/wp-json\/wp\/v2\/types\/post"}],"author":[{"embeddable":true,"href":"https:\/\/anthroposophy.ca\/fr\/wp-json\/wp\/v2\/users\/6"}],"replies":[{"embeddable":true,"href":"https:\/\/anthroposophy.ca\/fr\/wp-json\/wp\/v2\/comments?post=2367"}],"version-history":[{"count":0,"href":"https:\/\/anthroposophy.ca\/fr\/wp-json\/wp\/v2\/posts\/2367\/revisions"}],"wp:attachment":[{"href":"https:\/\/anthroposophy.ca\/fr\/wp-json\/wp\/v2\/media?parent=2367"}],"wp:term":[{"taxonomy":"category","embeddable":true,"href":"https:\/\/anthroposophy.ca\/fr\/wp-json\/wp\/v2\/categories?post=2367"},{"taxonomy":"post_tag","embeddable":true,"href":"https:\/\/anthroposophy.ca\/fr\/wp-json\/wp\/v2\/tags?post=2367"}],"curies":[{"name":"wp","href":"https:\/\/api.w.org\/{rel}","templated":true}]}}