{"id":2373,"date":"2014-11-19T12:53:00","date_gmt":"2014-11-19T17:53:00","guid":{"rendered":"http:\/\/www.asc.wdtest.info\/fr\/nouvelles-publique\/2014\/11\/19\/claude-mainville-2\/"},"modified":"2014-11-19T12:53:00","modified_gmt":"2014-11-19T17:53:00","slug":"claude-mainville-2","status":"publish","type":"post","link":"https:\/\/anthroposophy.ca\/fr\/claude-mainville-2\/","title":{"rendered":"Claude Mainville"},"content":{"rendered":"<p><span style=\"font-family: inherit;\"><span style=\"background-color: white; color: #222222;\">&#8211;&nbsp;<\/span><span style=\"background-color: white; color: #222222;\">Jocelyne Arseneau et Denis Schneider<\/span><\/span><br \/><span style=\"background-color: white; color: #222222;\"><span style=\"font-family: inherit;\"><br \/><\/span><\/span><span style=\"font-family: inherit;\"><span style=\"background-color: white; color: #222222;\">Chers&nbsp;<\/span><span style=\"background-color: white; color: #222222;\">amis de la Soci\u00e9t\u00e9 anthroposophique,<\/span><\/span><br \/><span style=\"background-color: white; color: #222222;\"><span style=\"font-family: inherit;\"><br \/><\/span><\/span><span style=\"font-family: inherit;\"><span style=\"background-color: white; color: #222222;\">Claude&nbsp;<\/span><span style=\"background-color: white; color: #222222;\">Mainville, membre de la Soci\u00e9t\u00e9 anthroposophique au Canada et de&nbsp;<\/span><span style=\"background-color: white; color: #222222;\">l\u2019Universit\u00e9&nbsp;<\/span><span style=\"background-color: white; color: #222222;\">libre, a travers\u00e9 le seuil le 31 octobre \u00e0 23h55. Il \u00e9tait dans le coma&nbsp;<\/span><span style=\"background-color: white; color: #222222;\">depuis&nbsp;<\/span><span style=\"background-color: white; color: #222222;\">une douzaine d&rsquo;heures, entour\u00e9 de sa famille.&nbsp;<\/span><span style=\"background-color: white; color: #222222;\">&gt;Voici&nbsp;<\/span><span style=\"background-color: white; color: #222222;\">quelques premiers souvenirs li\u00e9s \u00e0 cette amiti\u00e9 de fin de vie:<\/span><br style=\"background-color: white; color: #222222;\" \/><span style=\"background-color: white; color: #222222;\"><br \/><\/span><\/span><br \/><span style=\"font-family: inherit;\"><span style=\"background-color: white; color: #222222;\">Claude&nbsp;<\/span><span style=\"background-color: white; color: #222222;\">\u00e9tait \u00e0 la premi\u00e8re rencontre du groupe d&rsquo;\u00e9tudes chez \u00c9ric&nbsp;<\/span><span style=\"background-color: white; color: #222222;\">Schneeberger \u00e0 Val&nbsp;<\/span><span style=\"background-color: white; color: #222222;\">David.&nbsp; Il a plus tard t\u00e9l\u00e9phon\u00e9 \u00e0 Jocelyne Arseneau pour savoir s&rsquo;il y&nbsp;<\/span><span style=\"background-color: white; color: #222222;\">avait un groupe d&rsquo;\u00e9tudes; ce groupe s&rsquo;est form\u00e9 et Claude y a \u00e9t\u00e9 un&nbsp;<\/span><span style=\"background-color: white; color: #222222;\">membre&nbsp;<\/span><span style=\"background-color: white; color: #222222;\">tr\u00e8s actif, nous recevant \u00e9galement chez lui. Au m\u00eame hiver 2013, il a&nbsp;<\/span><span style=\"background-color: white; color: #222222;\">pr\u00e9sent\u00e9, au Bistro Le Baril Roulant \u00e0 Val David, le film The Challenge of&nbsp;<\/span><span style=\"background-color: white; color: #222222;\">Rudolf Steiner. \u00c0 ce moment, il connaissait d\u00e9j\u00e0 la maladie qui allait&nbsp;<\/span><span style=\"background-color: white; color: #222222;\">l&#8217;emporter.<\/span><br style=\"background-color: white; color: #222222;\" \/><span style=\"background-color: white; color: #222222;\"><br \/><\/span><\/span><br \/><span style=\"font-family: inherit;\"><span style=\"background-color: white; color: #222222;\">Au&nbsp;<\/span><span style=\"background-color: white; color: #222222;\">printemps, dans son jardin potager \u00e0 Val David, o\u00f9 il faisait la culture en&nbsp;<\/span><span style=\"background-color: white; color: #222222;\">Biodynamie depuis plusieurs ann\u00e9es, il a &nbsp;re\u00e7u Michel Florin, responsable au&nbsp;<\/span><span style=\"background-color: white; color: #222222;\">Goetheanum de la Section d\u2019agriculture biodynamique. Ce dernier \u00e9tait&nbsp;<\/span><span style=\"background-color: white; color: #222222;\">invit\u00e9 au&nbsp;<\/span><span style=\"background-color: white; color: #222222;\">congr\u00e8s de l&rsquo;Institut Rudolf Steiner du Qu\u00e9bec.&nbsp;<\/span><\/span><br \/><span style=\"font-family: inherit;\"><br style=\"background-color: white; color: #222222;\" \/><span style=\"background-color: white; color: #222222;\">Son&nbsp;<\/span><span style=\"background-color: white; color: #222222;\">courage face \u00e0 la maladie l\u2019am\u00e8nera \u00e0 se rendre \u00e0 Toronto pour ses&nbsp;<\/span><span style=\"background-color: white; color: #222222;\">traitements&nbsp;<\/span><span style=\"background-color: white; color: #222222;\">en m\u00e9decine anthroposophique. \u00c0 l&rsquo;\u00e9t\u00e9 2013, il a d\u00e9cid\u00e9 de partir&nbsp;<\/span><span style=\"background-color: white; color: #222222;\">vers Dornach&nbsp;<\/span><span style=\"background-color: white; color: #222222;\">pour suivre, pendant une ann\u00e9e, le programme d\u2019\u00e9tudes anglaises mis&nbsp;<\/span><span style=\"background-color: white; color: #222222;\">sur pied&nbsp;<\/span><span style=\"background-color: white; color: #222222;\">par Virginia Sease. En plus il a pu b\u00e9n\u00e9ficier de traitements \u00e0 la&nbsp;<\/span><span style=\"background-color: white; color: #222222;\">Lukas Klinik<\/span><br style=\"background-color: white; color: #222222;\" \/><span style=\"background-color: white; color: #222222;\">d\u2019Arlesheim.<\/span><br style=\"background-color: white; color: #222222;\" \/><span style=\"background-color: white; color: #222222;\"><br \/><\/span><\/span><br \/><span style=\"font-family: inherit;\"><span style=\"background-color: white; color: #222222;\">Il y&nbsp;<\/span><span style=\"background-color: white; color: #222222;\">aurait beaucoup \u00e0 dire de Claude, cet homme engag\u00e9.<\/span><\/span><\/p>\n","protected":false},"excerpt":{"rendered":"<p>&#8211;&nbsp;Jocelyne Arseneau et Denis SchneiderChers&nbsp;amis de la Soci\u00e9t\u00e9 anthroposophique,Claude&nbsp;Mainville, membre de la Soci\u00e9t\u00e9 anthroposophique au Canada et de&nbsp;l\u2019Universit\u00e9&nbsp;libre, a travers\u00e9 le seuil le 31 octobre \u00e0 23h55. Il \u00e9tait dans le coma&nbsp;depuis&nbsp;une douzaine d&rsquo;heures, entour\u00e9 de sa famille.&nbsp;&gt;Voici&nbsp;quelques premiers souvenirs li\u00e9s \u00e0 cette amiti\u00e9 de&#8230;<\/p>\n","protected":false},"author":6,"featured_media":0,"comment_status":"open","ping_status":"open","sticky":false,"template":"","format":"standard","meta":{"inline_featured_image":false,"footnotes":""},"categories":[13],"tags":[],"class_list":["post-2373","post","type-post","status-publish","format-standard","hentry","category-nouvelles-membres"],"_links":{"self":[{"href":"https:\/\/anthroposophy.ca\/fr\/wp-json\/wp\/v2\/posts\/2373","targetHints":{"allow":["GET"]}}],"collection":[{"href":"https:\/\/anthroposophy.ca\/fr\/wp-json\/wp\/v2\/posts"}],"about":[{"href":"https:\/\/anthroposophy.ca\/fr\/wp-json\/wp\/v2\/types\/post"}],"author":[{"embeddable":true,"href":"https:\/\/anthroposophy.ca\/fr\/wp-json\/wp\/v2\/users\/6"}],"replies":[{"embeddable":true,"href":"https:\/\/anthroposophy.ca\/fr\/wp-json\/wp\/v2\/comments?post=2373"}],"version-history":[{"count":0,"href":"https:\/\/anthroposophy.ca\/fr\/wp-json\/wp\/v2\/posts\/2373\/revisions"}],"wp:attachment":[{"href":"https:\/\/anthroposophy.ca\/fr\/wp-json\/wp\/v2\/media?parent=2373"}],"wp:term":[{"taxonomy":"category","embeddable":true,"href":"https:\/\/anthroposophy.ca\/fr\/wp-json\/wp\/v2\/categories?post=2373"},{"taxonomy":"post_tag","embeddable":true,"href":"https:\/\/anthroposophy.ca\/fr\/wp-json\/wp\/v2\/tags?post=2373"}],"curies":[{"name":"wp","href":"https:\/\/api.w.org\/{rel}","templated":true}]}}