{"id":2469,"date":"2016-03-30T15:22:43","date_gmt":"2016-03-30T19:22:43","guid":{"rendered":"http:\/\/www.asc.wdtest.info\/fr\/?p=2469"},"modified":"2016-03-30T15:22:43","modified_gmt":"2016-03-30T19:22:43","slug":"lettre-du-secretaire-general","status":"publish","type":"post","link":"https:\/\/anthroposophy.ca\/fr\/lettre-du-secretaire-general\/","title":{"rendered":"Lettre du Secr\u00e9taire G\u00e9n\u00e9ral"},"content":{"rendered":"<p>Cher( e)s ami (e)s,<\/p>\n<p>&nbsp;<\/p>\n<p>Afin de pr\u00e9parer le congr\u00e8s <em>\u00c0 la rencontre de notre humanit\u00e9, <\/em>j\u2019ai eu r\u00e9cemment l\u2019occasion de rencontrer plusieurs conf\u00e9renciers et des artistes de sc\u00e8ne. Me rendant \u00e0 la r\u00e9union du Collegium de la Science de l\u2019esprit qui se tenait au Camphill de Kimberton (Pennsylvanie), je me suis arr\u00eat\u00e9 \u00e0 Spring Valley afin de rencontrer Sea-Anna Vasilas, qui est la responsable des tourn\u00e9es de la troupe d\u2019eurythmie. Elle venait d\u2019arriver de Chine o\u00f9 les eurythmistes y avaient pr\u00e9sent\u00e9 avec grand succ\u00e8s des spectacles dans plusieurs villes ainsi qu\u2019\u00e0 Taiwan.<\/p>\n<p>\u00c0 Ottawa, la troupe offrira comme \u00e9l\u00e9ment principal de la soir\u00e9e, un extrait du <em>Songe d\u2019une nuit d\u2019\u00e9t\u00e9<\/em> de William Shakespeare pour comm\u00e9morer la mort du grand po\u00e8te survenue en 1616.<\/p>\n<p><strong>Le congr\u00e8s des jeunes<\/strong><\/p>\n<p>Cet \u00e9v\u00e9nement commence \u00e0 prendre forme.Ariel Paul Saunders ,Nathaniel Williams et Constanza Kaliks responsable de la section des jeunes ont planifi\u00e9 une rencontre de jeunes la fin de semaine du 6-7 ao\u00fbt prochain , juste avant le congr\u00e8s de la Soci\u00e9t\u00e9 . Ils vont \u00e9changer sur des questions de notre \u00e9poque et en particulier des th\u00e8mes spirituels , ensuite ils participeront \u00e0 toutes les activit\u00e9s de la semaine. Parall\u00e8lement aux le\u00e7ons de Classe , ils offriront pour ceux qui le veuillent, un moment de recueillement et de m\u00e9ditation. Nous tenons,particuli\u00e8rement \u00e0 encourager le travail de la Section des jeunes par un soutient financier significatif.Faites savoir autour de vous \u00e0 ceux qui pourraient \u00eatre int\u00e9ress\u00e9s par ces activit\u00e9s. Si vous voulez soutenir financi\u00e8rement ces initiatives , on vous invite \u00e0 faire un don \u00e0 la Soci\u00e9t\u00e9 en mentionnant le congr\u00e8s des jeunes. Je vous remercie de votre implication.<\/p>\n<p><strong>Michael Schmidt<\/strong><\/p>\n<p>Au d\u00e9but de f\u00e9vrier, Douglas Wylie m\u2019a conduit \u00e0 Durham (Ontario), pour y rencontrer Michael Schmidt. Il nous a re\u00e7us avec g\u00e9n\u00e9rosit\u00e9. Nous avons pu voir toutes ses installations en place pour faire son fromage ainsi que son cheptel d\u2019une trentaine de vaches arborant toutes leurs belles cornes. Michael nous a racont\u00e9 la visite de certains inspecteurs du gouvernement qui \u00e9taient venus \u00e0 sa ferme. Ceux-ci refusaient de croire que les vaches pouvaient avoir des cornes !<\/p>\n<p>Ce courageux fermier lutte depuis plusieurs ann\u00e9es contre les autorit\u00e9s pour faire reconna\u00eetre le droit de distribuer du lait cru, une bataille qui tra\u00eene \u00e0 nouveau devant les tribunaux. Heureusement, il est soutenu par les copropri\u00e9taires des vaches, des amis et des supporteurs qui croient au libre choix du consommateur. Michael viendra donner une conf\u00e9rence sur l\u2019agriculture biodynamique au congr\u00e8s en ao\u00fbt prochain.<\/p>\n<p><strong>\u00a0<\/strong><\/p>\n<p><strong>\u00a0<\/strong><\/p>\n<p><strong>Douglas Cardinal<\/strong><\/p>\n<p>Dans la semaine pr\u00e9c\u00e9dente, Sylvie Richard, une eurythmiste et artiste peintre d\u2019Ottawa, m\u2019a pr\u00e9sent\u00e9 Dougals Cardinal. Celui-ci est surtout connu comme l\u2019architecte du mus\u00e9e d\u2019histoire de Gatineau. Au congr\u00e8s, il donnera une allocution sur l\u2019art social et la communaut\u00e9. M.\u00a0Cardinal est un m\u00e9tis Blackfoot (Algonquin), originaire de l\u2019Alberta. Malgr\u00e9 son \u00e2ge avanc\u00e9 de 82 ans, il porte avec ferveur toute cette impulsion d\u2019une architecture vivante. Il reconna\u00eet aussi l\u2019apport important de Rudolf Steiner en architecture. Il nous a montr\u00e9 un projet de construction d\u2019appartements avec tourelles sur lequel il travaille actuellement et qui \u00e9voque les plumes d\u2019un oiseau et o\u00f9 l\u2019\u00e9l\u00e9ment air y est manifeste. Dans la conversation, M.\u00a0Cardinal nous faisait part de ses r\u00e9flexions pour apporter plus de sagesse des traditions de son peuple \u00e0 la vie moderne. L\u2019historique de l\u2019\u00eele de la Tortue fut aussi abord\u00e9. Cet emplacement sacr\u00e9 o\u00f9 jadis les tribus environnantes se r\u00e9unissaient dans cette volont\u00e9 d\u2019harmonie entre les peuples est fort \u00e0-propos et inspirant pour la tenue de notre congr\u00e8s pr\u00e8s de ce site. Nous songeons \u00e0 y organiser une excursion lors de l\u2019apr\u00e8s-midi libre.<\/p>\n<p>&nbsp;<\/p>\n<p><strong>Elizabeth Carmack et le Cambridge Music Festival<\/strong><\/p>\n<p>Apr\u00e8s avoir v\u00e9cu le d\u00e9fi de trouver une salle \u00e0 l\u2019universit\u00e9 d\u2019Ottawa, nous pouvons maintenant confirmer la participation du Cambridge Music festival; c\u2019est un projet commun entre les organisateurs du congr\u00e8s et Elizabeth. Elle porte ce<em> happening<\/em> avec tellement d\u2019\u00e2me et de d\u00e9termination, que nous avons pu trouver une fa\u00e7on d\u2019inclure cet \u00e9v\u00e9nement public au congr\u00e8s. Deux leitmotivs se c\u00f4toient dans la programmation\u00a0: les difficult\u00e9s v\u00e9cues par les peuples autochtones au Canada et la situation de guerre qui pr\u00e9vaut au Moyen-Orient. Musiciens, compositeurs et eurythmistes seront de la partie dans cet \u00e9v\u00e9nement artistique. Ainsi le compositeur anglais Nigel Osborne qui travaille avec des enfants dans les camps de r\u00e9fugi\u00e9s en Syrie, a accept\u00e9 de composer une pi\u00e8ce musicale sp\u00e9cialement pour le congr\u00e8s. L\u2019artiste Wendy Charbonneau de la Colombie-Britannique fera appel \u00e0 la musique traditionnelle pour nous conscientiser quant au v\u00e9cu des autochtones. En guise de pr\u00e9paration au concert du samedi 13 ao\u00fbt, le groupe offrira \u00e9galement un atelier artistique au cours de la semaine. Pour plus d\u2019informations, voir le site du congr\u00e8s.<\/p>\n<p>&nbsp;<\/p>\n<p><strong>Julie LeGal et Peter James Haword\u00a0\u00a0 <\/strong><\/p>\n<p>Julie LeGal offrira un atelier de th\u00e9\u00e2tre en lien avec le th\u00e8me de l\u2019universel humain que Shakespeare aborde par toutes les facettes de l\u2019\u00e2me.<\/p>\n<p>Elle est une artiste de la sc\u00e8ne qui s\u2019inspire depuis longtemps de la technique Tchekov. Avec son compagnon, Peter Haword, \u00e9galement acteur connu, ils montent ensemble une pi\u00e8ce qui nous sera pr\u00e9sent\u00e9e en primeur. Celle-ci est tir\u00e9e d\u2019un essai autobiographique de Nicolas Tolsto\u00ef qui a pour titre\u00a0: \u2018\u2019Une confession\u2019\u2019. L\u2019illustre auteur russe partage dans ce texte ses questions, ses doutes ainsi que ses r\u00e9flexions sur le sens de la vie et de la mort. J\u2019aimerais vous partager une des images de ce r\u00e9cit.<\/p>\n<p><strong>Le voyageur<\/strong><\/p>\n<p>Tolsto\u00ef nous raconte une fable qui vient de l\u2019Orient. Un voyageur est pourchass\u00e9 par une b\u00eate sauvage. Il court et r\u00e9ussit \u00e0 \u00e9chapper \u00e0 une mort certaine en s\u2019accrochant \u00e0 une branche d\u2019un buisson perch\u00e9 au-dessus d\u2019un puits.<\/p>\n<p>Au fond du puits, un immense dragon le guette et attend le moment pour le d\u00e9vorer. Pendant ce temps, une souris blanche et une souris noire s\u2019amusent \u00e0 grignoter tranquillement le bout de la branche. Le voyageur d\u00e9couvre sur les feuilles quelques gouttes de miel et avec sa langue r\u00e9ussit \u00e0 les attraper. En se d\u00e9lectant, le voyageur oublie un moment le danger de mort qui le guette.<\/p>\n<p>Cette image d\u2019une situation de danger peut nous amener, d\u2019apr\u00e8s Tolstoi, \u00e0 nous poser les questions suivantes\u00a0:<\/p>\n<p>Est-ce que je me laisse tomber et d\u00e9vorer par le dragon, car la vie ici-bas n\u2019a pas de sens ? Est-ce que je ne ferais pas mieux de profiter des plaisirs que me donne le miel et de me fermer les yeux sur la situation p\u00e9nible dans laquelle je me trouve ? Est-ce que je ne serais pas mieux d\u2019oublier ma situation et de rester innocent sans savoir ce qui va m\u2019arriver?<\/p>\n<p>Voil\u00e0 des r\u00e9flexions qu\u2019on peut peut-\u00eatre transposer \u00e0 notre situation personnelle \u00e0 un moment ou un autre de notre vie. Nous sommes tous des voyageurs (en danger) et ces questions sont certainement actuelles dans la mesure o\u00f9 l\u2019on est appel\u00e9 \u00e0 rencontrer le Seuil. Elles nous incitent \u00e0 nous conna\u00eetre comme \u00eatre spirituel lors de ces tensions entre les forces qui veulent nous soustraire \u00e0 la vie terrestre et celles qui veulent nous y encha\u00eener.<\/p>\n<p><strong>Le th\u00e8me de l\u2019ann\u00e9e 2016-2017<\/strong><\/p>\n<p>Le th\u00e8me de l\u2019ann\u00e9e propos\u00e9 par le Goeth\u00e9anum reprend encore une fois le <em>moi<\/em> en relation avec le monde sous un angle diff\u00e9rent\u00a0: <em>Transformation du monde et connaissance de soi dans la rencontre avec le mal.<\/em> C\u2019est un sujet qui n\u2019est pas facile \u00e0 aborder. La deuxi\u00e8me partie pourrait \u00eatre reformul\u00e9e en des <em>termes connaissance de soi face aux crises dans le monde<\/em>. La notion du bien et du mal pourrait \u00eatre comprise dans la perspective d\u2019une \u00e9volution de la conscience.<\/p>\n<p>Parmi les lectures sugg\u00e9r\u00e9es pour approfondir ce th\u00e8me, on trouve les conf\u00e9rences IV et V du cycle <em>Sympt\u00f4mes dans l\u2019histoire<\/em> que Rudolf Steiner a donn\u00e9es en 1918. Ces textes ont aussi \u00e9t\u00e9 retenus en guise de pr\u00e9paration pour le congr\u00e8s d\u2019Ottawa. Steiner nous explique \u00e0 la lumi\u00e8re des \u00e9v\u00e9nements, comment nous sommes appel\u00e9s \u00e0 nous conna\u00eetre soi-m\u00eame. Les difficult\u00e9s que nous rencontrons en nous-m\u00eames et dans le monde sont l\u00e0 pour d\u00e9velopper l\u2019\u00e2me de conscience. Dans ce sens les forces adversaires jouent un r\u00f4le pr\u00e9pond\u00e9rant\u00a0: d\u2019abord dans le monde ext\u00e9rieur par les forces de destruction et de mort et \u00e0 l\u2019int\u00e9rieur de nous, par les forces latentes du mal. Prendre conscience de ces forces et d\u00e9velopper une ouverture envers son prochain en pratiquant des exercices d\u2019\u00e9coute est une pr\u00e9paration pour les futures \u00e9poques culturelles.<\/p>\n<p>Dans la semaine du 14 mars, le comit\u00e9 directeur, les responsables des sections, les repr\u00e9sentants des pays et les secr\u00e9taires g\u00e9n\u00e9raux vont \u00e9changer davantage sur le th\u00e8me de l\u2019ann\u00e9e.Ils vont aussi planifier le congr\u00e8s de la Micha\u00eblie. J\u2019y reviendrai dans mon prochain compte-rendu.<\/p>\n<p>Il faut aussi mentionner la nouvelle mise en sc\u00e8ne du Faust de Goethe qui sera pr\u00e9sent\u00e9e \u00e0 Dornach en traduction simultan\u00e9e version anglaise, fran\u00e7aise et espagnole.<\/p>\n<p>Joyeuses P\u00e2ques ,<\/p>\n<p>Arie van Ameringen<\/p>\n<p>Secr\u00e9taire g\u00e9n\u00e9ral<\/p>\n<p>&nbsp;<\/p>\n","protected":false},"excerpt":{"rendered":"<p>Cher( e)s ami (e)s, &nbsp; Afin de pr\u00e9parer le congr\u00e8s \u00c0 la rencontre de notre humanit\u00e9, j\u2019ai eu r\u00e9cemment l\u2019occasion de rencontrer plusieurs conf\u00e9renciers et des artistes de sc\u00e8ne. Me rendant \u00e0 la r\u00e9union du Collegium de la Science de l\u2019esprit qui se tenait au&#8230;<\/p>\n","protected":false},"author":3,"featured_media":0,"comment_status":"closed","ping_status":"closed","sticky":false,"template":"","format":"standard","meta":{"inline_featured_image":false,"footnotes":""},"categories":[3],"tags":[],"class_list":["post-2469","post","type-post","status-publish","format-standard","hentry","category-nouvelles-publique"],"_links":{"self":[{"href":"https:\/\/anthroposophy.ca\/fr\/wp-json\/wp\/v2\/posts\/2469","targetHints":{"allow":["GET"]}}],"collection":[{"href":"https:\/\/anthroposophy.ca\/fr\/wp-json\/wp\/v2\/posts"}],"about":[{"href":"https:\/\/anthroposophy.ca\/fr\/wp-json\/wp\/v2\/types\/post"}],"author":[{"embeddable":true,"href":"https:\/\/anthroposophy.ca\/fr\/wp-json\/wp\/v2\/users\/3"}],"replies":[{"embeddable":true,"href":"https:\/\/anthroposophy.ca\/fr\/wp-json\/wp\/v2\/comments?post=2469"}],"version-history":[{"count":1,"href":"https:\/\/anthroposophy.ca\/fr\/wp-json\/wp\/v2\/posts\/2469\/revisions"}],"predecessor-version":[{"id":2471,"href":"https:\/\/anthroposophy.ca\/fr\/wp-json\/wp\/v2\/posts\/2469\/revisions\/2471"}],"wp:attachment":[{"href":"https:\/\/anthroposophy.ca\/fr\/wp-json\/wp\/v2\/media?parent=2469"}],"wp:term":[{"taxonomy":"category","embeddable":true,"href":"https:\/\/anthroposophy.ca\/fr\/wp-json\/wp\/v2\/categories?post=2469"},{"taxonomy":"post_tag","embeddable":true,"href":"https:\/\/anthroposophy.ca\/fr\/wp-json\/wp\/v2\/tags?post=2469"}],"curies":[{"name":"wp","href":"https:\/\/api.w.org\/{rel}","templated":true}]}}