{"id":3897,"date":"2018-01-21T11:53:42","date_gmt":"2018-01-21T16:53:42","guid":{"rendered":"http:\/\/www.asc.wdtest.info\/fr\/?p=3897"},"modified":"2018-01-29T14:01:29","modified_gmt":"2018-01-29T19:01:29","slug":"formation-en-eurythmie-auriel-eurythmy","status":"publish","type":"post","link":"https:\/\/anthroposophy.ca\/fr\/formation-en-eurythmie-auriel-eurythmy\/","title":{"rendered":"FORMATION EN EURYTHMIE : AURIEL EURYTHMY"},"content":{"rendered":"<p><strong><em><br \/>\n<a href=\"https:\/\/anthroposophy.ca\/wp-content\/uploads\/2018\/01\/Screenshot-2018-01-21-10.22.27.png\" rel=\"attachment wp-att-3895\"><img fetchpriority=\"high\" decoding=\"async\" class=\"alignleft size-medium wp-image-3895\" src=\"https:\/\/anthroposophy.ca\/wp-content\/uploads\/2018\/01\/Screenshot-2018-01-21-10.22.27-300x224.png\" alt=\"Screenshot 2018-01-21 10.22.27\" width=\"300\" height=\"224\" srcset=\"https:\/\/anthroposophy.ca\/wp-content\/uploads\/2018\/01\/Screenshot-2018-01-21-10.22.27-300x224.png 300w, https:\/\/anthroposophy.ca\/wp-content\/uploads\/2018\/01\/Screenshot-2018-01-21-10.22.27.png 460w\" sizes=\"(max-width: 300px) 100vw, 300px\" \/><\/a>Auriel Eurythmy<\/em><\/strong> offre une formation en eurythmie \u00e0 temps partiel. Notre formation se donne actuellement en Alberta. Nous avons d\u00e9but\u00e9 avec un groupe de 7 \u00e9l\u00e8ves en 2013, et avons travaill\u00e9 r\u00e9guli\u00e8rement avec eux \u00e0 raison de 3 modules par ann\u00e9e, chaque session d\u2019une dur\u00e9e de 8 \u00e0 12 jours. De ce groupe, il reste maintenant quatre eurythmistes qui entameront leur derni\u00e8re ann\u00e9e de formation. Mais cet automne nous avons commenc\u00e9 \u00e0 former 3 nouveaux groupes, dont l\u2019un (compos\u00e9 de 4 \u00e9l\u00e8ves) suit sa formation au Canada, un autre (10 \u00e9l\u00e8ves) \u00e0 Mexico, et le troisi\u00e8me (7 \u00e9l\u00e8ves) \u00e0 Playa del Carmen. Les trois groupes s\u2019uniront pour suivre ensemble la session de ce printemps. Les professeurs se d\u00e9placent pour travailler avec les 4 diff\u00e9rents groupes\u00a0: celui des \u00e9l\u00e8ves qui entrent en 5<sup>e<\/sup> ann\u00e9e, en fin de formation, plus les 3 nouveaux groupes de d\u00e9butants. <strong><em>Auriel<\/em><\/strong> ne poss\u00e8de pas de domicile fixe, et est accueilli dans les locaux des \u00e9coles Waldorf de Calgary, d\u2019Edmonton et de Nelson. <strong><em>Auriel<\/em><\/strong> fait partie de la <strong><em>Kootenay Society for Lifelong Learning<\/em><\/strong>, une soci\u00e9t\u00e9 sans but lucratif situ\u00e9e \u00e0 Nelson, en Colombie-Britannique.<\/p>\n<p>&nbsp;<\/p>\n<p>En janvier de cette ann\u00e9e, nous avons particip\u00e9 \u00e0 une rencontre pour professeurs d\u2019eurythmie au Goeth\u00e9anum anim\u00e9e par Stefan Hasler. Nous sommes tr\u00e8s enthousiasm\u00e9s par le fait d\u2019\u00eatre maintenant en voie d\u2019obtenir une accr\u00e9ditation officielle comme \u00e9cole de formation d\u2019eurythmie et d\u2019\u00eatre par le fait m\u00eame accueillis au sein de la Section des Arts de la Sc\u00e8ne.<\/p>\n<p><a href=\"http:\/\/www.aurieleurythmy.org\">Site web<\/a><\/p>\n<p><a href=\"https:\/\/anthroposophy.ca\/wp-content\/uploads\/2018\/01\/newsletter_1_-_2017-copy.pdf\">Brochure<\/a><\/p>\n","protected":false},"excerpt":{"rendered":"<p>Auriel Eurythmy offre une formation en eurythmie \u00e0 temps partiel. Notre formation se donne actuellement en Alberta. Nous avons d\u00e9but\u00e9 avec un groupe de 7 \u00e9l\u00e8ves en 2013, et avons travaill\u00e9 r\u00e9guli\u00e8rement avec eux \u00e0 raison de 3 modules par ann\u00e9e, chaque session d\u2019une dur\u00e9e&#8230;<\/p>\n","protected":false},"author":3,"featured_media":0,"comment_status":"closed","ping_status":"closed","sticky":false,"template":"","format":"standard","meta":{"inline_featured_image":false,"footnotes":""},"categories":[13],"tags":[],"class_list":["post-3897","post","type-post","status-publish","format-standard","hentry","category-nouvelles-membres"],"_links":{"self":[{"href":"https:\/\/anthroposophy.ca\/fr\/wp-json\/wp\/v2\/posts\/3897","targetHints":{"allow":["GET"]}}],"collection":[{"href":"https:\/\/anthroposophy.ca\/fr\/wp-json\/wp\/v2\/posts"}],"about":[{"href":"https:\/\/anthroposophy.ca\/fr\/wp-json\/wp\/v2\/types\/post"}],"author":[{"embeddable":true,"href":"https:\/\/anthroposophy.ca\/fr\/wp-json\/wp\/v2\/users\/3"}],"replies":[{"embeddable":true,"href":"https:\/\/anthroposophy.ca\/fr\/wp-json\/wp\/v2\/comments?post=3897"}],"version-history":[{"count":3,"href":"https:\/\/anthroposophy.ca\/fr\/wp-json\/wp\/v2\/posts\/3897\/revisions"}],"predecessor-version":[{"id":3901,"href":"https:\/\/anthroposophy.ca\/fr\/wp-json\/wp\/v2\/posts\/3897\/revisions\/3901"}],"wp:attachment":[{"href":"https:\/\/anthroposophy.ca\/fr\/wp-json\/wp\/v2\/media?parent=3897"}],"wp:term":[{"taxonomy":"category","embeddable":true,"href":"https:\/\/anthroposophy.ca\/fr\/wp-json\/wp\/v2\/categories?post=3897"},{"taxonomy":"post_tag","embeddable":true,"href":"https:\/\/anthroposophy.ca\/fr\/wp-json\/wp\/v2\/tags?post=3897"}],"curies":[{"name":"wp","href":"https:\/\/api.w.org\/{rel}","templated":true}]}}