{"id":5072,"date":"2019-04-28T10:08:13","date_gmt":"2019-04-28T14:08:13","guid":{"rendered":"https:\/\/anthroposophy.ca\/?p=5072"},"modified":"2019-04-28T10:17:48","modified_gmt":"2019-04-28T14:17:48","slug":"from-the-world-society-on-our-north-star","status":"publish","type":"post","link":"https:\/\/anthroposophy.ca\/fr\/from-the-world-society-on-our-north-star\/","title":{"rendered":"MOT DU SECR\u00c9TAIRE G\u00c9N\u00c9RAL De la soci\u00e9t\u00e9 anthroposophique universelle Notre \u00e9toile du nord"},"content":{"rendered":"<p><a href=\"https:\/\/anthroposophy.ca\/wp-content\/uploads\/2019\/04\/GoetheanumInt10a.jpg\"><img fetchpriority=\"high\" decoding=\"async\" class=\"alignleft wp-image-5047\" src=\"https:\/\/anthroposophy.ca\/wp-content\/uploads\/2019\/04\/GoetheanumInt10a-225x300.jpg\" alt=\"\" width=\"299\" height=\"399\" srcset=\"https:\/\/anthroposophy.ca\/wp-content\/uploads\/2019\/04\/GoetheanumInt10a-225x300.jpg 225w, https:\/\/anthroposophy.ca\/wp-content\/uploads\/2019\/04\/GoetheanumInt10a-768x1024.jpg 768w\" sizes=\"(max-width: 299px) 100vw, 299px\" \/><\/a><\/p>\n<p>Chers membres et amis de la Soci\u00e9t\u00e9 anthroposophique au Canada.<\/p>\n<p>Filant \u00e0 toute allure vers l\u2019Europe, \u00e0 une altitude de 30,000 pieds au-dessus de la vaste immensit\u00e9 de notre Nord canadien, je dirige mon regard vers le bas, et je per\u00e7ois une ligne qui marque le seuil entre le jour et la nuit. Arrivant \u00e0 partir de l\u2019Europe et traversant l\u2019oc\u00e9an atlantique, la nuit se pr\u00e9cipite vers le ciel de l\u2019ouest qui est encore v\u00eatu des couleurs rayonnantes de l\u2019arc-en-ciel. Par-dessus l\u2019oc\u00e9an pacifique, en route vers l\u2019Asie, le jour bat en retraite pour se glisser derri\u00e8re l\u2019horizon qui s\u2019estompe rapidement. Le dernier vestige de la lumi\u00e8re du jour se couvre d\u2019un voile d\u2019indigo. Ci et l\u00e0, les premiers points de lumi\u00e8re font leur apparition contre l\u2019immensit\u00e9 du ciel. Et alors, en une cascade rayonnante, le bleu lumineux du ciel nocturne rev\u00eat son manteau d\u2019\u00e9toiles, qui appara\u00eet \u00e0 une vitesse vertigineuse.<\/p>\n<p>La soudainet\u00e9 de ce mouvement r\u00e9v\u00e8le combien la terre tourne rapidement sur son axe invisible. C\u2019est comme si nous pouvions percevoir la trajectoire des \u00e9toiles sous forme de faisceaux de lumi\u00e8re, balayant le ciel du cr\u00e9puscule jusqu\u2019\u00e0 l\u2019aurore, inscrivant leur chemin \u00e0 travers la vaste \u00e9tendue du ciel. Mais ce n\u2019est pas seulement les \u00e9toiles qui d\u00e9crivent cette danse du derviche autour de nous; il y a aussi des lunes et des plan\u00e8tes, des soleils et des constellations qui nous enveloppent d\u2019un mouvement incessant d\u2019interactions dynamiques et changeantes.<\/p>\n<p>Mais, il y a aussi l\u2019astre \u00ab\u00a0unique\u00a0\u00bb, l\u2019\u00e9toile qui, au milieu de cette remarquable activit\u00e9 cosmique, se tient r\u00e9solument \u00e0 sa place, tranquille, en repos\u00a0: l\u2019\u00e9toile qui marque le Nord. D\u2019une calme fermet\u00e9, elle baisse le regard vers nous. Nous levons le regard vers elle. Pris dans toute la pr\u00e9cipitation tourbillonnante de notre existence quotidienne, nous levons le regard vers elle et nous ressentons sa pr\u00e9sence ferme, fid\u00e8le \u2013 un point d\u2019ancrage au milieu du changement incessant. Et dans son regard tourn\u00e9 vers nous, elle conserve l\u2019image unificatrice qui nous relie tous en tant qu\u2019\u00eatres humains.<\/p>\n<p>Devant moi, entass\u00e9s sur la table pliante, se trouvent les comptes-rendus des membres du Comit\u00e9 ex\u00e9cutif et des responsables des Sections de l\u2019\u00c9cole de Science de l\u2019esprit, refl\u00e9tant le travail qu\u2019ils ont accompli durant l\u2019ann\u00e9e. Je les accompagne ainsi dans leur examen r\u00e9trospectif. Nous consid\u00e9rons le revirement radical qui a boulevers\u00e9 nos vies il y a un an. Nous nous \u00e9tions habitu\u00e9s pendant des ann\u00e9es \u00e0 ce que nous avions consid\u00e9r\u00e9 comme \u00e9tant un sol ferme et pr\u00e9visible pour soutenir notre travail. La forme habituelle qu\u2019avaient prise nos fa\u00e7ons de travailler ensemble \u00e9tait devenue quelque chose que nous jugions apte \u00e0 \u00e9tayer notre travail futur.<\/p>\n<p>Et pourtant, en examinant notre histoire, nous voyons qu\u2019il y a eu d\u2019autres moments bouleversants o\u00f9 le tissu de nos relations collectives s\u2019est d\u00e9fait. L\u2019expulsion d\u2019Ita Wegman et d\u2019\u00c9lisabeth Vreede du Vorstand, les deux ayant \u00e9t\u00e9 \u00e9cart\u00e9es de leurs t\u00e2ches respectives, a \u00e9t\u00e9 un tel moment. Or, gr\u00e2ce \u00e0 une configuration remarquable lors de l\u2019assembl\u00e9e g\u00e9n\u00e9rale annuelle de l\u2019ann\u00e9e derni\u00e8re, un profond d\u00e9sir de rectifier cet \u00e9tat des choses s\u2019est fait ressentir. Peut-on concevoir que ce geste fait partie d\u2019un revirement qui indique que nous devenons conscients de quelque chose qui nous \u00e9chappait jusqu\u2019ici? Ce que nous consid\u00e9rons comme \u00e9tant la constance des ph\u00e9nom\u00e8nes terrestres \u2013 que le jour fait place doucement \u00e0 la nuit, que les saisons se suivent \u2013 tout cela n\u2019est possible que parce que notre perspective est bern\u00e9e. Derri\u00e8re la solidit\u00e9 de la vie que nous menons de jour en jour, il y a en arri\u00e8re-plan le tourbillon incessant et toujours changeant de l\u2019activit\u00e9 de notre cosmos.<\/p>\n<p>Et c\u2019est ce changement dans notre conscience qui a \u00e9t\u00e9 l\u2019\u00e9l\u00e9ment d\u00e9terminant de l\u2019ann\u00e9e. Ce revirement a \u00e9t\u00e9 d\u00e9clench\u00e9 par un changement de perspective, apparemment collective, qui a eu comme r\u00e9sultat que le Comit\u00e9 ex\u00e9cutif de sept membres s\u2019est vu r\u00e9duire \u00e0 quatre membres. Cette r\u00e9duction de moiti\u00e9 a \u00e9t\u00e9 r\u00e9alis\u00e9e en l\u2019espace de quelques heures seulement.<\/p>\n<p>Et ce n\u2019est que tr\u00e8s lentement que nous nous rendons compte de l\u2019immensit\u00e9 des d\u00e9fis qui ont \u00e9t\u00e9 impos\u00e9s \u00e0 ces quatre individus. Non seulement nous leur avons demand\u00e9 d\u2019assumer toutes les responsabilit\u00e9s qui incombaient \u00e0 leurs trois coll\u00e8gues sortants, mais nous le leur avons demand\u00e9 \u00e0 un moment de l\u2019histoire o\u00f9 le mouvement anthroposophique mondial conna\u00eet une expansion fulgurante. Les t\u00e2ches du Comit\u00e9 ex\u00e9cutif qui \u00e9taient, il y a quelques ann\u00e9es \u00e0 peine, limit\u00e9es grosso modo aux activit\u00e9s centr\u00e9es autour du Goeth\u00e9anum se sont maintenant \u00e9tendues \u00e0 la terre enti\u00e8re, dans quatre-vingt-dix pays. L\u2019image qui me vient \u00e0 l\u2019esprit, alors que je r\u00e9fl\u00e9chis sur les \u00e9v\u00e9nements de l\u2019ann\u00e9e et que je consid\u00e8re les r\u00e9flexions des membres du Comit\u00e9 ex\u00e9cutif eux-m\u00eames, c\u2019est celle d\u2019un oc\u00e9an en \u00e9tat de repos qui se fait soudainement soulever par la force d\u2019une temp\u00eate incessante et toujours changeante. La constance fiable de notre sol anthroposophique se met \u00e0 se mouvoir comme le tourbillonnement du cosmos \u00e9toil\u00e9. Et, pris dans ce tourbillon fr\u00e9n\u00e9tique, nous pouvons facilement perdre l\u2019image de la force constante de notre propre \u00c9toile du Nord personnelle.<\/p>\n<p>Nous pouvons nous sentir \u00e0 la fois \u00e9tonn\u00e9s et profond\u00e9ment reconnaissants devant l\u2019effort que d\u00e9ploient ces quatre individus pour faire face aux intemp\u00e9ries et pour ne pas se faire noyer par les courants tourbillonnants. Avec des pas mesur\u00e9s, ils ont explor\u00e9 de nouvelles mani\u00e8res de porter les immenses responsabilit\u00e9s qu\u2019on leur a impos\u00e9es, la t\u00e2che pour chacun d\u2019eux ayant \u00e9t\u00e9 doubl\u00e9e dans cet espace fatidique de quelques heures. Ils se sont aid\u00e9s mutuellement, et ont demand\u00e9 de l\u2019aide \u00e0 d\u2019autres aussi, pour examiner la situation en profondeur, pour discerner les rythmes et les configurations de ces t\u00e2ches si \u00e9normes. Mais ils ont \u00e9galement lev\u00e9 le regard au-dessus des complexit\u00e9s de leurs situations quotidiennes, raffermissant leur force singuli\u00e8re et constante, nous invitant \u00e0 les accompagner dans ce geste.<\/p>\n<p>Et derri\u00e8re ces manifestations ext\u00e9rieures, nous avons la possibilit\u00e9 de percevoir la pr\u00e9sence ind\u00e9fectible de l\u2019\u00eatre qui se pr\u00e9occupe profond\u00e9ment de ce que nous faisons. Nous pouvons, chacun \u00e0 sa mani\u00e8re, nous aider mutuellement \u00e0 \u00eatre conscients de sa pr\u00e9sence. Nous tournant vers lui, nous foulons un nouveau sol, nous acquerrons une nouvelle certitude qui nous permettra de confronter non seulement les d\u00e9fis de notre vie commune dans l\u2019anthroposophie, mais aussi de naviguer le tourbillon de notre monde contemporain avec une \u00e9galit\u00e9 d\u2019\u00e2me \u2013 et dans la joie.<\/p>\n<p>Je vous salue chaleureusement,<\/p>\n<p>Bert Chase,<\/p>\n<p>Secr\u00e9taire g\u00e9n\u00e9ral pour le Canada<\/p>\n","protected":false},"excerpt":{"rendered":"<p>Chers membres et amis de la Soci\u00e9t\u00e9 anthroposophique au Canada. Filant \u00e0 toute allure vers l\u2019Europe, \u00e0 une altitude de 30,000 pieds au-dessus de la vaste immensit\u00e9 de notre Nord canadien, je dirige mon regard vers le bas, et je per\u00e7ois une ligne qui marque&#8230;<\/p>\n","protected":false},"author":3,"featured_media":0,"comment_status":"open","ping_status":"open","sticky":false,"template":"","format":"standard","meta":{"inline_featured_image":false,"footnotes":""},"categories":[3],"tags":[],"class_list":["post-5072","post","type-post","status-publish","format-standard","hentry","category-nouvelles-publique"],"_links":{"self":[{"href":"https:\/\/anthroposophy.ca\/fr\/wp-json\/wp\/v2\/posts\/5072","targetHints":{"allow":["GET"]}}],"collection":[{"href":"https:\/\/anthroposophy.ca\/fr\/wp-json\/wp\/v2\/posts"}],"about":[{"href":"https:\/\/anthroposophy.ca\/fr\/wp-json\/wp\/v2\/types\/post"}],"author":[{"embeddable":true,"href":"https:\/\/anthroposophy.ca\/fr\/wp-json\/wp\/v2\/users\/3"}],"replies":[{"embeddable":true,"href":"https:\/\/anthroposophy.ca\/fr\/wp-json\/wp\/v2\/comments?post=5072"}],"version-history":[{"count":4,"href":"https:\/\/anthroposophy.ca\/fr\/wp-json\/wp\/v2\/posts\/5072\/revisions"}],"predecessor-version":[{"id":5078,"href":"https:\/\/anthroposophy.ca\/fr\/wp-json\/wp\/v2\/posts\/5072\/revisions\/5078"}],"wp:attachment":[{"href":"https:\/\/anthroposophy.ca\/fr\/wp-json\/wp\/v2\/media?parent=5072"}],"wp:term":[{"taxonomy":"category","embeddable":true,"href":"https:\/\/anthroposophy.ca\/fr\/wp-json\/wp\/v2\/categories?post=5072"},{"taxonomy":"post_tag","embeddable":true,"href":"https:\/\/anthroposophy.ca\/fr\/wp-json\/wp\/v2\/tags?post=5072"}],"curies":[{"name":"wp","href":"https:\/\/api.w.org\/{rel}","templated":true}]}}