{"id":6116,"date":"2020-07-06T14:01:40","date_gmt":"2020-07-06T18:01:40","guid":{"rendered":"https:\/\/anthroposophy.ca\/?p=6116"},"modified":"2020-07-06T14:02:07","modified_gmt":"2020-07-06T18:02:07","slug":"eloge-paul-john-hodgkins-1947-2020-jonah-evans-pretre-de-la-communaute-des-chretiens","status":"publish","type":"post","link":"https:\/\/anthroposophy.ca\/fr\/eloge-paul-john-hodgkins-1947-2020-jonah-evans-pretre-de-la-communaute-des-chretiens\/","title":{"rendered":"\u00c8loge: Paul John Hodgkins (1947 \u2013 2020)  Jonah Evans, pr\u00eatre de la Communaut\u00e9 des Chr\u00e9tiens"},"content":{"rendered":"<p class=\"Default\"><span lang=\"FR-CA\">L<a href=\"https:\/\/anthroposophy.ca\/wp-content\/uploads\/2020\/04\/Paul-H-smiles-slightly.jpg\"><img fetchpriority=\"high\" decoding=\"async\" class=\"alignleft wp-image-5843\" src=\"https:\/\/anthroposophy.ca\/wp-content\/uploads\/2020\/04\/Paul-H-smiles-slightly-283x300.jpg\" alt=\"\" width=\"301\" height=\"319\" srcset=\"https:\/\/anthroposophy.ca\/wp-content\/uploads\/2020\/04\/Paul-H-smiles-slightly-283x300.jpg 283w, https:\/\/anthroposophy.ca\/wp-content\/uploads\/2020\/04\/Paul-H-smiles-slightly-768x813.jpg 768w, https:\/\/anthroposophy.ca\/wp-content\/uploads\/2020\/04\/Paul-H-smiles-slightly.jpg 800w\" sizes=\"(max-width: 301px) 100vw, 301px\" \/><\/a>orsqu\u2019un jour on a demand\u00e9 \u00e0 Paul de raconter son autobiographie, il a commenc\u00e9 comme suit\u00a0: \u00ab\u00a0Eh bien, j\u2019\u00e9tais tr\u00e8s jeune quand je suis n\u00e9, mais je ne m\u2019en souviens pas du tout\u2026\u00a0\u00bb<\/span><\/p>\n<p class=\"Default\"><span lang=\"FR-CA\">\u00a0<\/span><\/p>\n<p class=\"Default\"><span lang=\"FR-CA\">Paul John Hodgkins est n\u00e9 le 31 janvier 1947 \u00e0 Wolverhampton, pr\u00e8s de Birmingham en Angleterre, dans une famille de classe ouvri\u00e8re. Il avait deux fr\u00e8res. Il se d\u00e9crivait lui-m\u00eame comme un enfant r\u00eaveur. Et m\u00eame s\u2019il n\u2019aimait pas beaucoup l\u2019\u00e9cole, il a bien termin\u00e9 sa scolarit\u00e9 dans une excellente \u00e9cole catholique pour gar\u00e7ons. <\/span><\/p>\n<p class=\"Default\"><span lang=\"FR-CA\">\u00a0<\/span><\/p>\n<p class=\"Default\"><span lang=\"FR-CA\">Il a commenc\u00e9 par travailler pour le gouvernement britannique \u00e0 Londres. Mais, cela a \u00e9t\u00e9 de courte dur\u00e9e, car \u00e0 l\u2019\u00e2ge de 19 ans, Paul a eu l\u2019inspiration de venir au Canada avec un camarade. Sa vie canadienne a d\u00e9but\u00e9 \u00e0 Red Lake, en Ontario, o\u00f9 il a d\u00e9croch\u00e9 un emploi dans une importante mine d\u2019or. Il a gagn\u00e9 beaucoup d\u2019argent. Il a d\u00e9pens\u00e9 beaucoup d\u2019argent. Mais Paul ne s\u2019int\u00e9ressait pas beaucoup \u00e0 gagner de l\u2019argent ou \u00e0 faire carri\u00e8re. <\/span><\/p>\n<p class=\"Default\"><span lang=\"FR-CA\">\u00a0<\/span><\/p>\n<p class=\"Default\"><span lang=\"FR-CA\">Il n\u2019\u00e9tait pas dou\u00e9 pour la technologie. En effet, ceux d\u2019entre vous qui avez d\u00e9j\u00e0 essay\u00e9 communiquer avec lui par courriel pourraient m\u00eame penser qu\u2019il \u00e9tait s\u00e9rieusement d\u00e9favoris\u00e9 sur le plan technologique! Et pourtant, jeune homme, il a r\u00e9ussi \u00e0 se faire engager chez IBM \u00e0 Toronto. Et m\u00eame s\u2019il savait que cette entreprise \u00e9tait \u00e0 la fine pointe du d\u00e9veloppement technologique, un jour il a d\u00e9cid\u00e9 tout simplement de d\u00e9missionner. Il n\u2019avait pas de projet de vie, mais il ressentait que cet emploi \u00e9tait en train de d\u00e9truire son \u00e2me. Ensuite, il a occup\u00e9 une s\u00e9rie d\u2019emplois, entre autres chez Canadian Tire, dans des magasins d\u2019aliments naturels, et comme professeur de Ta\u00ef Chi. <\/span><\/p>\n<p class=\"Default\"><span lang=\"FR-CA\">\u00a0<\/span><\/p>\n<p class=\"Default\"><span lang=\"FR-CA\">C\u2019\u00e9tait pendant son temps pass\u00e9 \u00e0 Toronto que Paul a connu Simone Liche. Ils sont devenus assez rapidement un couple, et comme elle \u00e9tait qu\u00e9b\u00e9coise, ils sont all\u00e9s s\u2019installer \u00e0 Montr\u00e9al. C\u2019est l\u00e0 que son premier gar\u00e7on, Philip, est n\u00e9. La petite famille est retourn\u00e9e vivre bri\u00e8vement \u00e0 Toronto, o\u00f9 Paul a d\u00e9couvert des ouvrages de Rudolf Steiner dans une librairie. Ils sont ensuite all\u00e9s s\u2019installer \u00e0 Ottawa, o\u00f9 Paul a suivi un stage de formation de professeur Waldorf et a accompagn\u00e9 un groupe scolaire pendant tout un cycle de huit ans. Et c\u2019est pendant ce temps \u00e0 Ottawa que Simone et Paul ont d\u00e9cid\u00e9 d\u2019un commun accord de se s\u00e9parer. <\/span><\/p>\n<p class=\"Default\"><span lang=\"FR-CA\">\u00a0<\/span><\/p>\n<p class=\"Default\"><span lang=\"FR-CA\">Peu apr\u00e8s sa s\u00e9paration, Paul a commenc\u00e9 \u00e0 se lier d\u2019amiti\u00e9 avec Susan Richard, et ils ont fini par s\u2019unir et par int\u00e9grer leurs deux familles. Du coup, avec l\u2019arriv\u00e9e des deux enfants de Susan, Will et Eveln, voil\u00e0 que Paul \u00e9tait p\u00e8re de trois enfants. Peu de temps apr\u00e8s, Susan est devenue enceinte de Charlotte. Lors de la fin de la scolarit\u00e9 de son groupe d\u2019\u00e9l\u00e8ves de 8<sup>e<\/sup> ann\u00e9e, Paul et Susan ont d\u00e9cid\u00e9 de s\u2019installer \u00e0 Toronto pour que Philip puisse s\u2019inscrire aux classes de niveau secondaire \u00e0 la Toronto Waldorf School. \u00a0<\/span><\/p>\n<p class=\"Default\"><span lang=\"FR-CA\">\u00a0<\/span><\/p>\n<p class=\"Default\"><span lang=\"FR-CA\">Ce retour a \u00e9t\u00e9 difficile, mais heureux aussi\u00a0: difficile parce que Paul ne r\u00e9ussissait pas \u00e0 se faire engager \u00e0 temps plein comme professeur \u00e0 la Toronto Waldorf School \u2013 heureux parce que c\u2019\u00e9tait l\u2019\u00e9poque o\u00f9 leur derni\u00e8re fille, Beatrice, est n\u00e9e. <\/span><\/p>\n<p class=\"Default\"><span lang=\"FR-CA\">\u00a0<\/span><\/p>\n<p class=\"Default\"><span lang=\"FR-CA\">D\u00e9sirant toujours \u00eatre professeur Waldorf, Paul a accept\u00e9 un poste \u00e0 l\u2019\u00e9cole Halton, \u00e0 Burlington, en Ontario. Mais, au bout de quelques ann\u00e9es seulement, la navette quotidienne est devenue trop ardue. Arlene Thorn, du Rudolf Steiner Centre, en plus d\u2019encourager Paul \u00e0 se consacrer \u00e0 l\u2019enseignement de l\u2019anthroposophie aux adultes, a trouv\u00e9 des moyens pour assurer que les enfants de Paul et Susan puissent terminer leur scolarit\u00e9 \u00e0 l\u2019\u00e9cole Waldorf. Et Arlene n\u2019\u00e9tait pas seule \u00e0 offrir \u00e0 Paul la possibilit\u00e9 de suivre son destin. Paul lui-m\u00eame a dit:<\/span><\/p>\n<p class=\"Default\"><span lang=\"FR-CA\">\u00a0<\/span><\/p>\n<p class=\"Default\"><span lang=\"FR-CA\">\u00ab\u00a0J\u2019ai re\u00e7u un appel de Timothy Cox, qui travaillait alors au Rudolf Steiner Centre, me demandant si j\u2019accepterais de donner un cours sur <i>La Philosophie de la libert\u00e9<\/i>. J\u2019ignore comment il avait appris que notre groupe \u00e9tudiait ce livre. La veille de notre conversation t\u00e9l\u00e9phonique, j\u2019en \u00e9tais venu \u00e0 me rendre compte que je n\u2019\u00e9tais pas du tout libre et que mon cerveau \u00e9tait bourr\u00e9 de connaissances compl\u00e8tement inutiles. J\u2019avais mis de c\u00f4t\u00e9 tous mes autres syst\u00e8mes de croyances \u2013 Platon, les sciences, le catholicisme, le bouddhisme; je les avais tous remplac\u00e9s par un syst\u00e8me grandiose de croyances anthroposophiques, mais je n\u2019\u00e9tais toujours pas libre au niveau de ma pens\u00e9e.\u00a0 <\/span><\/p>\n<p class=\"Default\"><span lang=\"FR-CA\">\u00a0<\/span><\/p>\n<p class=\"Default\"><span lang=\"FR-CA\">Dans un certain sens, j\u2019avais une jambe de chaque c\u00f4t\u00e9 de la cl\u00f4ture! Lorsque Timothy m\u2019a demand\u00e9 si je pouvais assumer un cours sur la <i>Philosophie de la Libert\u00e9<\/i> trois matin\u00e9es par semaine, j\u2019ai imm\u00e9diatement r\u00e9pondu oui. En raccrochant le r\u00e9cepteur, je me suis demand\u00e9\u00a0: \u00ab\u00a0Mais qu\u2019est-ce que je viens de faire l\u00e0 ?\u00a0\u00bb J\u2019ai donc eu besoin d\u2019\u00e9tudier le volume en profondeur, et gr\u00e2ce \u00e0 ce travail, j\u2019ai v\u00e9cu une sorte d\u2019\u00e9veil. J\u2019ai pris conscience du fait que j\u2019\u00e9tais un \u00eatre d\u2019essence spirituelle. Et pour dire les choses bri\u00e8vement, j\u2019ai donn\u00e9 le cours et suis devenu c\u00e9l\u00e8bre du jour au lendemain! \u00c9tait-ce possible que quelqu\u2019un quelque part soit assez na\u00eff pour croire pouvoir donner un cours sur <i>La Philosophie de la Libert\u00e9<\/i>? En effet, c\u2019\u00e9tait le livre que personne ne comprenait. Mais voil\u00e0, je m\u2019\u00e9tais lanc\u00e9.<\/span><\/p>\n<p class=\"Default\"><span lang=\"FR-CA\">\u00a0<\/span><\/p>\n<p class=\"Default\"><span lang=\"FR-CA\">J\u2019ai commenc\u00e9 alors \u00e0 donner de plus en plus fr\u00e9quemment des cours pour adultes. Wendy Brown, qui venait d\u2019inaugurer le programme des cours d\u2019introduction du Centre, m\u2019a demand\u00e9 de me pr\u00e9senter un matin pour parler de <i>La Philosophie de la Libert\u00e9<\/i>, ce que j\u2019ai fait. L\u2019ann\u00e9e suivante, elle m\u2019a demand\u00e9 de faire partie du comit\u00e9 de direction des cours d\u2019introduction. Ce comit\u00e9 se r\u00e9unissait toutes les semaines pour \u00e9laborer le programme de ces cours. \u00c0 la longue, je suis devenu une figure-cl\u00e9 au sein du comit\u00e9.\u00a0\u00bb <\/span><\/p>\n<p class=\"Default\"><span lang=\"FR-CA\">\u00a0<\/span><\/p>\n<p class=\"Default\"><span lang=\"FR-CA\">Il poss\u00e9dait en effet ce don. Il a touch\u00e9 beaucoup de vies. Durant les 20 prochaines ann\u00e9es, Paul a cultiv\u00e9 son amour pour l\u2019anthroposophie en aidant beaucoup, beaucoup d\u2019individus \u00e0 trouver un lien avec cette science de l\u2019esprit. Paul adorait l\u2019enseignement\u00a0: c\u2019\u00e9tait un vrai professeur. Et il adorait l\u2019anthroposophie. C\u2019\u00e9tait un \u00ab\u00a0philosophe de la libert\u00e9.\u00a0\u00bb <\/span><\/p>\n<p class=\"Default\"><span lang=\"FR-CA\">\u00a0<\/span><\/p>\n<p class=\"Default\"><span lang=\"FR-CA\">Il avait le tour de rendre digestes les notions les plus complexes, de nous aider \u00e0 percevoir le spirituel cach\u00e9 derri\u00e8re le monde sensible, de rendre les r\u00e9alit\u00e9s les plus profondes sous forme d\u2019images et d\u2019imaginations qui comblaient nos \u00e2mes. <\/span><\/p>\n<p class=\"Default\"><span lang=\"FR-CA\">\u00a0<\/span><\/p>\n<p class=\"Default\"><span lang=\"FR-CA\">Nous pourrions peut-\u00eatre nous surprendre en apprenant que Paul avait des dons domestiques. Il adorait faire la cuisine, et pouvait se montrer m\u00eame autoritaire lorsqu\u2019il parlait de ce qui se passait dans \u00ab\u00a0sa cuisine\u00a0\u00bb. Lorsque les enfants \u00e9taient encore tr\u00e8s jeunes, c\u2019est Paul qui allait les r\u00e9conforter dans la nuit. C\u2019est lui qui pr\u00e9parait les bo\u00eetes \u00e0 lunch des enfants, faisait le m\u00e9nage, et conduisait les enfants partout o\u00f9 ils devaient aller, alors que Susan travaillait de longues heures pour soutenir la famille. Et quand Paul tombait sur quelque chose qui valait la peine d\u2019essayer de comprendre, il ne l\u00e2chait pas le morceau tant que, patiemment, mais s\u00fbrement, il n\u2019avait pas r\u00e9ussi \u00e0 saisir la chose en question. <\/span><\/p>\n<p class=\"Default\"><span lang=\"FR-CA\">\u00a0<\/span><\/p>\n<p class=\"Default\"><span lang=\"FR-CA\">Ses enfants se rem\u00e9morent les longues conversations t\u00e9l\u00e9phoniques durant lesquelles Paul d\u00e9montrait son amour pour eux en \u00e9coutant attentivement ce qu\u2019ils racontaient sur leurs propres vies. <\/span><\/p>\n<p class=\"Default\"><span lang=\"FR-CA\">\u00a0<\/span><\/p>\n<p class=\"Default\"><span lang=\"FR-CA\">Et l\u2019amour va dans les deux sens. Le personnel des pompes fun\u00e8bres a remarqu\u00e9 qu\u2019il n\u2019y avait pas de plaies de lit sur le corps de Paul. Car Will et Beatrice se relayaient la nuit pour changer la position de leur p\u00e8re dans son lit. <\/span><\/p>\n<p class=\"Default\"><span lang=\"FR-CA\">\u00a0<\/span><\/p>\n<p class=\"Default\"><span lang=\"FR-CA\">Et m\u00eame si Paul s\u2019occupait des d\u00e9tails de la maison et \u00e9tait en m\u00eame temps un genre de philosophe-roi, dont le visage chevaleresque se r\u00e9v\u00e9lait clairement \u00e0 tous ceux qui l\u2019ont vu dispos\u00e9 dans son cercueil, Paul avait v\u00e9cu des moments de tourment. Il luttait constamment contre sa tendance \u00e0 la procrastination. Il avait d\u00fb lutter contre un monde dans lequel il se sentait \u00e9tranger jusqu\u2019au moment o\u00f9 il est devenu professeur au Rudolf Steiner Centre. Il a souffert sous le poids du stress financier pendant la plus grande partie de sa vie. Paul a dit \u00e0 propos de ses propres travers\u00a0:<\/span><\/p>\n<p class=\"Default\"><span lang=\"FR-CA\">\u00a0<\/span><\/p>\n<p class=\"Default\"><span lang=\"FR-CA\">\u00ab\u00a0Mourir ne me d\u00e9range pas du tout, mais, comme je l\u2019ai \u00e9voqu\u00e9 plus t\u00f4t, le fait d\u2019\u00eatre mort m\u2019incommode! Je vais devoir me confronter et confronter mon immoralit\u00e9, et en m\u00eame temps mon manque de conscience \u00e9veill\u00e9e. Dans le monde spirituel apr\u00e8s la mort, vous finissez par rencontrer des \u00eatres spirituels qui pensent en vous. Vous voyez votre incarnation \u00e0 leurs yeux. Plus on r\u00e9ussit \u00e0 rester \u00e9veill\u00e9 durant ce processus, mieux c\u2019est.\u00a0 J\u2019ai l\u2019impression que je ne serai pas tr\u00e8s \u00e9veill\u00e9 l\u00e0-bas. Ces derniers temps, j\u2019ai ressenti pas mal de d\u00e9go\u00fbt envers moi-m\u00eame. Mais pas de mani\u00e8re morbide. Je ne suis pas enclin \u00e0 concevoir la chose avec morbidit\u00e9. Je suis pr\u00eat \u00e0 assumer mon karma. Je veux essayer de r\u00e9parer ce que je n\u2019ai pas fait comme il faut et en supporter les cons\u00e9quences au mieux de mes capacit\u00e9s, m\u00eame si cela me cause de la souffrance. Mais tel que je me connais, je ne le ferai pas toujours. En jetant un regard sur ma vie pass\u00e9e, je vois les moments o\u00f9 j\u2019ai choisi de ne pas faire ce qu\u2019il fallait faire. Chaque cas d\u2019immoralit\u00e9 r\u00e9v\u00e8le un effort d\u00e9pens\u00e9 pour \u00e9viter de prendre conscience de l\u2019esprit. Ma vie a \u00e9t\u00e9 remplie de beaucoup d\u2019immoralit\u00e9 sous forme de mesquinerie, dans mes pens\u00e9es et dans mes actes. Des mensonges, et ainsi de suite. Nous avons tous commis ce genre d\u2019immoralit\u00e9 mesquine. Quand je prends le temps d\u2019y penser, je vois que ces gestes s\u2019accumulent, s\u2019accumulent, s\u2019accumulent. Je vois toute une vie remplie de telles actions.\u00a0\u00bb<\/span><\/p>\n<p class=\"Default\"><span lang=\"FR-CA\">\u00a0<\/span><\/p>\n<p class=\"Default\"><span lang=\"FR-CA\">Comme beaucoup le savent, Paul a eu un lien assez trouble avec le christianisme durant la plus grande partie de sa vie, et plus particuli\u00e8rement pendant ses jeunes ann\u00e9es. Il a \u00e9t\u00e9 \u00e9lev\u00e9 catholique, mais n\u2019a jamais pu se r\u00e9soudre \u00e0 accepter ce qu\u2019il voyait comme \u00e9tant un dogme r\u00e9pressif et anti-humain qui muselait son intelligence et son sentiment de libert\u00e9. Il ne pouvait pas supporter le manque d\u2019authenticit\u00e9 chez beaucoup des pr\u00eatres et religieuses. <\/span><\/p>\n<p class=\"Default\"><span lang=\"FR-CA\">\u00a0<\/span><\/p>\n<p class=\"Default\"><span lang=\"FR-CA\">Mais, \u00e0 l\u2019instar de Saint Paul, son pass\u00e9 n\u2019a pas emp\u00each\u00e9 le jeune homme de vivre une v\u00e9ritable rencontre avec l\u2019\u00catre du Christ-J\u00e9sus. Dans ses propres mots\u00a0:<\/span><\/p>\n<p class=\"Default\"><span lang=\"FR-CA\">\u00a0<\/span><\/p>\n<p class=\"Default\"><span lang=\"FR-CA\">\u00a0\u00ab\u00a0Mon p\u00e8re souffrait d\u2019arthrite rhumato\u00efde, et \u00e0 mesure qu\u2019il devenait clair qu\u2019il allait mourir, je songeais aux gourous orientaux qui prenaient en leur propre \u00eatre, par compassion, les maux et les maladies de leurs \u00e9l\u00e8ves. Je marchais dans la rue, souhaitant de tout c\u0153ur pouvoir aider mon p\u00e8re. J\u2019ai pens\u00e9 \u00e0 ce que ce serait d\u2019accueillir sa souffrance en moi. \u00c0 ma grande surprise, je me suis rendu compte que je ne d\u00e9sirais pas vraiment assumer sa souffrance physique, la ressentir moi-m\u00eame. Cet aveu m\u2019a horrifi\u00e9. Au moment m\u00eame, j&rsquo;ai ressenti une pr\u00e9sence spirituelle, celle d&rsquo;un \u00eatre que j\u2019avais connu toute ma vie, Celui qui prend sur Lui toute la souffrance du monde \u2013 c\u2019\u00e9tait le Christ. C\u2019\u00e9tait comme si le ciel \u00e9tait enti\u00e8rement rempli du Christ \u2013 le Christ portant une couronne d\u2019\u00e9pines. Et ensuite, c\u2019\u00e9tait comme si j\u2019entendais \u2013 sans l\u2019entendre en r\u00e9alit\u00e9 \u2013 une voix qui disait, ou du moins que je croyais entendre dire\u00a0: \u00ab\u00a0Arr\u00eate de chercher ailleurs.\u00a0\u00bb<\/span><\/p>\n<p class=\"Default\"><span lang=\"FR-CA\">\u00a0<\/span><\/p>\n<p class=\"Default\"><span lang=\"FR-CA\">Paul a v\u00e9cu cette v\u00e9ritable rencontre avec le Christ-J\u00e9sus vivant \u00e0 travers la souffrance de son p\u00e8re, avant de rencontrer l\u2019anthroposophie. Le Christ l\u2019a ensuite guid\u00e9 vers l\u2019anthroposophie pour qu\u2019il puisse comprendre l\u2019\u00catre du Christ par la pens\u00e9e. Et puis, vers la fin de sa vie, Paul a retrouv\u00e9 le Christ \u00e0 travers les sacrements, la pri\u00e8re, et la communaut\u00e9 de d\u00e9votion. <\/span><\/p>\n<p class=\"Default\"><span lang=\"FR-CA\">\u00a0<\/span><\/p>\n<p class=\"Default\"><span lang=\"FR-CA\">Il a trouv\u00e9 son lien avec la Communaut\u00e9 des Chr\u00e9tiens lors d\u2019une conversation avec moi, un moment cl\u00e9 dans son destin, o\u00f9 il m\u2019a demand\u00e9\u00a0: \u00ab Alors, en quoi est-ce que la Communaut\u00e9 des Chr\u00e9tiens est diff\u00e9rente de l\u2019\u00c9glise catholique?\u00a0\u00bb J\u2019ai r\u00e9pondu spontan\u00e9ment que la Communaut\u00e9 n\u2019accorde aucune valeur \u00e0 une conformit\u00e9 non libre \u00e0 des r\u00e8gles morales. Je lui ai dit que seul celui qui vient vers le Christ en toute libert\u00e9, celui qui comprend en toute libert\u00e9 la nature de la moralit\u00e9, a de la valeur pour Dieu. J\u2019ai ajout\u00e9 que ce principe \u00e9tait le fondement m\u00eame du seul mouvement religieux d\u2019inspiration anthroposophique. \u00a0<\/span><\/p>\n<p class=\"Default\"><span lang=\"FR-CA\">\u00a0<\/span><\/p>\n<p class=\"Default\"><span lang=\"FR-CA\">Et c\u2019est cette m\u00eame ann\u00e9e, \u00e0 No\u00ebl, que Paul a v\u00e9cu une profonde exp\u00e9rience du Christ lors de la C\u00e9l\u00e9bration de minuit. Pendant les trois ann\u00e9es qui ont suivi cette exp\u00e9rience, Susan et Paul ont assist\u00e9 \u00e0 presque tous les offices de la Communaut\u00e9. Je n\u2019oublierai jamais l\u2019aspect de son visage et de son regard lorsque je lui donnai la communion. Fixant son regard lors de ce moment intime de communion, j\u2019apercevais une \u00e2me humaine consciente de ses faiblesses et pourtant consciente en m\u00eame temps que le Christ \u00e9tait l\u00e0 pour le toucher de Son amour insondable. Il savait que le Christ \u00e9tait l\u00e0, pr\u00e9sent dans et \u00e0 travers le pr\u00eatre. Et tr\u00e8s r\u00e9cemment, j\u2019ai compris la profondeur de sa connaissance de la r\u00e9alit\u00e9 derri\u00e8re les sacrements. Paul m\u2019a confi\u00e9 lors de notre derni\u00e8re conversation intime que maintenant que son corps et son esprit \u00e9taient en train de s\u2019affaiblir, de d\u00e9faillir, il ressentait comment l\u2019exp\u00e9rience de l\u2019Acte de Cons\u00e9cration \u00e9tait un fondement pour sa vie. Il m\u2019a confi\u00e9\u00a0: \u00ab\u00a0Les paroles venant \u00e0 partir de l\u2019autel me soutiennent. Maintenant que mon corps se d\u00e9t\u00e9riore, cela m\u2019ouvre \u00e0 l\u2019exp\u00e9rience que l\u2019office de la cons\u00e9cration me donne la force de me tenir debout.\u00a0\u00bb Et cette exp\u00e9rience de trouver le Christ au sein d\u2019une communaut\u00e9 d\u2019\u00e2mes en d\u00e9votion allait s\u2019approfondir encore plus. <\/span><\/p>\n<p class=\"Default\"><span lang=\"FR-CA\">\u00a0<\/span><\/p>\n<p class=\"Default\"><span lang=\"FR-CA\">Car c\u2019\u00e9tait dans un \u00e9trange h\u00f4pital de Hano\u00ef que Paul avait v\u00e9cu la plus profonde exp\u00e9rience de l\u2019essence de la communaut\u00e9 du Christ. Le Christ est venu \u00e0 lui alors qu\u2019il gisait dans son lit d\u2019h\u00f4pital. Il lui a parl\u00e9, imprimant dans son c\u0153ur la certitude que m\u00eame le plus petit d\u2019entre nous est aim\u00e9 et port\u00e9. Il a communiqu\u00e9 \u00e0 Paul qu\u2019avec l\u2019aide de Son messager, Rudolf Steiner, Il est en train de r\u00e9unir une communaut\u00e9 autour de Lui qui devra, d\u2019ici les prochaines g\u00e9n\u00e9rations, livrer une grande bataille contre les forces croissantes du mat\u00e9rialisme. Cette communaut\u00e9 devra assumer une lutte contre de puissants adversaires, des \u00eatres qui veulent convaincre l\u2019humanit\u00e9 que seul le monde mat\u00e9riel existe. Les \u00eatres humains devront lutter contre l\u2019image g\u00e9n\u00e9ralis\u00e9e qui veut faire croire \u00e0 l\u2019humanit\u00e9 que l\u2019int\u00e9r\u00eat personnel est la seule v\u00e9ritable force motrice d\u2019action; que l\u2019esprit et le monde spirituel sont illusoires; et que tout ce dont nous avons vraiment besoin, c\u2019est de r\u00e9soudre le probl\u00e8me de la souffrance physique pour atteindre un \u00e9tat de jouissance et de confort. <\/span><\/p>\n<p class=\"Default\"><span lang=\"FR-CA\">\u00a0<\/span><\/p>\n<p class=\"Default\"><span lang=\"FR-CA\">C\u2019est ce que Paul avait de plus important \u00e0 nous enseigner\u00a0: la communaut\u00e9 est une r\u00e9alit\u00e9, l\u2019espoir est une r\u00e9alit\u00e9. Les forces du mat\u00e9rialisme ne sont pas plus fortes que le Christ. Car il a appris par exp\u00e9rience que m\u00eame la mort ne peut pas emp\u00eacher que de plus en plus de c\u0153urs humains se rassemblent en Christ-J\u00e9sus. <\/span><\/p>\n<p class=\"Default\"><span lang=\"FR-CA\">\u00a0<\/span><\/p>\n<p class=\"Default\"><span lang=\"FR-CA\">Chers amis et chers membres de la famille\u00a0: nous aimions Paul. J\u2019ai aim\u00e9 Paul. Il \u00e9tait mon ami. Mais, encore plus important, Paul \u00e9tait un v\u00e9ritable chr\u00e9tien, et il continue de l\u2019\u00eatre. Il a bien port\u00e9 son nom, car\u00a0le pr\u00e9nom Paul signifie \u00ab\u00a0petit, ou faible\u00a0\u00bb. Il a v\u00e9cu son humilit\u00e9 en comprenant qu\u2019il ne pouvait pas devenir lui-m\u00eame sans les autres. Il \u00e9tait petit parce qu\u2019il connaissait Celui qui est vrai, Celui qui est grand. Il savait tr\u00e8s bien que nous ne pouvons pas devenir nous-m\u00eames sans accueillir en nos c\u0153urs l\u2019\u00catre de l\u2019Amour. <\/span><\/p>\n<p class=\"Default\"><span lang=\"FR-CA\">\u00a0<\/span><\/p>\n<p class=\"Default\"><span lang=\"FR-CA\">Son deuxi\u00e8me pr\u00e9nom \u00e9tait John. Ce nom aussi, il l\u2019a v\u00e9cu. Tout comme Saint Jean a v\u00e9cu l\u2019avenir de l\u2019humanit\u00e9 dans le Christ et l\u2019a d\u00e9crit dans son Apocalypse, Paul John a lui aussi v\u00e9cu une imagination de notre avenir \u2013 de notre lutte future en tant que communaut\u00e9 r\u00e9unie pour vaincre les forces des t\u00e9n\u00e8bres. <\/span><\/p>\n<p class=\"Default\"><span lang=\"FR-CA\">\u00a0<\/span><\/p>\n<p class=\"Default\"><span lang=\"FR-CA\">Cher Paul, que ton esprit continue \u00e0 nous inspirer. Que ta lumi\u00e8re continue \u00e0 renforcer notre communaut\u00e9 et \u00e0 nous donner de l\u2019espoir. <\/span><\/p>\n<p class=\"Default\"><span lang=\"FR-CA\">\u00a0<\/span><\/p>\n<p class=\"Default\"><span lang=\"FR-CA\">\u00a0<\/span><\/p>\n","protected":false},"excerpt":{"rendered":"<p>Lorsqu\u2019un jour on a demand\u00e9 \u00e0 Paul de raconter son autobiographie, il a commenc\u00e9 comme suit\u00a0: \u00ab\u00a0Eh bien, j\u2019\u00e9tais tr\u00e8s jeune quand je suis n\u00e9, mais je ne m\u2019en souviens pas du tout\u2026\u00a0\u00bb \u00a0 Paul John Hodgkins est n\u00e9 le 31 janvier 1947 \u00e0 Wolverhampton,&#8230;<\/p>\n","protected":false},"author":3,"featured_media":0,"comment_status":"closed","ping_status":"closed","sticky":false,"template":"","format":"standard","meta":{"inline_featured_image":false,"footnotes":""},"categories":[13],"tags":[],"class_list":["post-6116","post","type-post","status-publish","format-standard","hentry","category-nouvelles-membres"],"_links":{"self":[{"href":"https:\/\/anthroposophy.ca\/fr\/wp-json\/wp\/v2\/posts\/6116","targetHints":{"allow":["GET"]}}],"collection":[{"href":"https:\/\/anthroposophy.ca\/fr\/wp-json\/wp\/v2\/posts"}],"about":[{"href":"https:\/\/anthroposophy.ca\/fr\/wp-json\/wp\/v2\/types\/post"}],"author":[{"embeddable":true,"href":"https:\/\/anthroposophy.ca\/fr\/wp-json\/wp\/v2\/users\/3"}],"replies":[{"embeddable":true,"href":"https:\/\/anthroposophy.ca\/fr\/wp-json\/wp\/v2\/comments?post=6116"}],"version-history":[{"count":2,"href":"https:\/\/anthroposophy.ca\/fr\/wp-json\/wp\/v2\/posts\/6116\/revisions"}],"predecessor-version":[{"id":6118,"href":"https:\/\/anthroposophy.ca\/fr\/wp-json\/wp\/v2\/posts\/6116\/revisions\/6118"}],"wp:attachment":[{"href":"https:\/\/anthroposophy.ca\/fr\/wp-json\/wp\/v2\/media?parent=6116"}],"wp:term":[{"taxonomy":"category","embeddable":true,"href":"https:\/\/anthroposophy.ca\/fr\/wp-json\/wp\/v2\/categories?post=6116"},{"taxonomy":"post_tag","embeddable":true,"href":"https:\/\/anthroposophy.ca\/fr\/wp-json\/wp\/v2\/tags?post=6116"}],"curies":[{"name":"wp","href":"https:\/\/api.w.org\/{rel}","templated":true}]}}